{"id":505,"date":"2023-10-16T15:15:41","date_gmt":"2023-10-16T18:15:41","guid":{"rendered":"https:\/\/frizzopagnossin.adv.br\/?p=505"},"modified":"2023-10-16T15:26:58","modified_gmt":"2023-10-16T18:26:58","slug":"desvendando-o-direito-administrativo-conceitos-e-aplicacoes","status":"publish","type":"post","link":"https:\/\/frizzopagnossin.adv.br\/index.php\/2023\/10\/16\/desvendando-o-direito-administrativo-conceitos-e-aplicacoes\/","title":{"rendered":"Desvendando o Direito Administrativo: Conceitos e Aplica\u00e7\u00f5es"},"content":{"rendered":"\t\t<div data-elementor-type=\"wp-post\" data-elementor-id=\"505\" class=\"elementor elementor-505\" data-elementor-post-type=\"post\">\n\t\t\t\t\t\t\t\t\t<section class=\"elementor-section elementor-top-section elementor-element elementor-element-4f537cb6 elementor-section-boxed elementor-section-height-default elementor-section-height-default\" data-id=\"4f537cb6\" data-element_type=\"section\" data-settings=\"{&quot;background_background&quot;:&quot;classic&quot;}\">\n\t\t\t\t\t\t<div class=\"elementor-container elementor-column-gap-default\">\n\t\t\t\t\t<div class=\"elementor-column elementor-col-50 elementor-top-column elementor-element elementor-element-31b02d38\" data-id=\"31b02d38\" data-element_type=\"column\">\n\t\t\t<div class=\"elementor-widget-wrap elementor-element-populated\">\n\t\t\t\t\t\t\t\t<div class=\"elementor-element elementor-element-8630fb3 elementor-widget elementor-widget-image\" data-id=\"8630fb3\" data-element_type=\"widget\" data-widget_type=\"image.default\">\n\t\t\t\t<div class=\"elementor-widget-container\">\n\t\t\t<style>\/*! elementor - v3.16.0 - 20-09-2023 *\/\n.elementor-widget-image{text-align:center}.elementor-widget-image a{display:inline-block}.elementor-widget-image a img[src$=\".svg\"]{width:48px}.elementor-widget-image img{vertical-align:middle;display:inline-block}<\/style>\t\t\t\t\t\t\t\t\t\t\t\t<img loading=\"lazy\" decoding=\"async\" width=\"500\" height=\"246\" src=\"https:\/\/frizzopagnossin.adv.br\/wp-content\/uploads\/2023\/10\/IiqdVhBlCS9pMuoDhaOPU6bdTQ1ISaWmrhL2jjsJ.jpeg\" class=\"attachment-large size-large wp-image-515\" alt=\"\" srcset=\"https:\/\/frizzopagnossin.adv.br\/wp-content\/uploads\/2023\/10\/IiqdVhBlCS9pMuoDhaOPU6bdTQ1ISaWmrhL2jjsJ.jpeg 500w, https:\/\/frizzopagnossin.adv.br\/wp-content\/uploads\/2023\/10\/IiqdVhBlCS9pMuoDhaOPU6bdTQ1ISaWmrhL2jjsJ-300x148.jpeg 300w\" sizes=\"(max-width: 500px) 100vw, 500px\" \/>\t\t\t\t\t\t\t\t\t\t\t\t\t\t\t<\/div>\n\t\t\t\t<\/div>\n\t\t\t\t<div class=\"elementor-element elementor-element-fc1e62f elementor-widget elementor-widget-heading\" data-id=\"fc1e62f\" data-element_type=\"widget\" data-widget_type=\"heading.default\">\n\t\t\t\t<div class=\"elementor-widget-container\">\n\t\t\t<style>\/*! elementor - v3.16.0 - 20-09-2023 *\/\n.elementor-heading-title{padding:0;margin:0;line-height:1}.elementor-widget-heading .elementor-heading-title[class*=elementor-size-]>a{color:inherit;font-size:inherit;line-height:inherit}.elementor-widget-heading .elementor-heading-title.elementor-size-small{font-size:15px}.elementor-widget-heading .elementor-heading-title.elementor-size-medium{font-size:19px}.elementor-widget-heading .elementor-heading-title.elementor-size-large{font-size:29px}.elementor-widget-heading .elementor-heading-title.elementor-size-xl{font-size:39px}.elementor-widget-heading .elementor-heading-title.elementor-size-xxl{font-size:59px}<\/style><h2 class=\"elementor-heading-title elementor-size-default\">Desvendando o Direito Administrativo: Conceitos e Aplica\u00e7\u00f5es<\/h2>\t\t<\/div>\n\t\t\t\t<\/div>\n\t\t\t\t<div class=\"elementor-element elementor-element-8238e4e elementor-widget elementor-widget-text-editor\" data-id=\"8238e4e\" data-element_type=\"widget\" data-widget_type=\"text-editor.default\">\n\t\t\t\t<div class=\"elementor-widget-container\">\n\t\t\t<style>\/*! elementor - v3.16.0 - 20-09-2023 *\/\n.elementor-widget-text-editor.elementor-drop-cap-view-stacked .elementor-drop-cap{background-color:#69727d;color:#fff}.elementor-widget-text-editor.elementor-drop-cap-view-framed .elementor-drop-cap{color:#69727d;border:3px solid;background-color:transparent}.elementor-widget-text-editor:not(.elementor-drop-cap-view-default) .elementor-drop-cap{margin-top:8px}.elementor-widget-text-editor:not(.elementor-drop-cap-view-default) .elementor-drop-cap-letter{width:1em;height:1em}.elementor-widget-text-editor .elementor-drop-cap{float:left;text-align:center;line-height:1;font-size:50px}.elementor-widget-text-editor .elementor-drop-cap-letter{display:inline-block}<\/style>\t\t\t\t<p><span style=\"vertical-align: inherit;\"><span style=\"vertical-align: inherit;\">O Direito Administrativo \u00e9 uma \u00e1rea fascinante do direito que governa as rela\u00e7\u00f5es entre cidad\u00e3os e a Administra\u00e7\u00e3o P\u00fablica. Embora possa parecer complexo \u00e0 primeira vista, \u00e9 essencial para manter o equil\u00edbrio entre o Estado e os indiv\u00edduos. Neste artigo, exploraremos os conceitos-chave e as aplica\u00e7\u00f5es pr\u00e1ticas do Direito Administrativo.<\/span><\/span><\/p><p><strong>Aplica\u00e7\u00f5es Pr\u00e1ticas do Direito Administrativo<\/strong><\/p><p>O Direito Administrativo tem uma ampla variedade de aplica\u00e7\u00f5es pr\u00e1ticas, incluindo:<\/p><ol><li><p><strong>Licita\u00e7\u00f5es e Contratos P\u00fablicos:<\/strong> Regula os procedimentos de aquisi\u00e7\u00e3o de bens e servi\u00e7os pelo governo, garantindo transpar\u00eancia e competitividade.<\/p><\/li><li><p><strong>Atos Administrativos:<\/strong> Envolve a an\u00e1lise e valida\u00e7\u00e3o de decis\u00f5es tomadas por funcion\u00e1rios p\u00fablicos, verificando sua legalidade e adequa\u00e7\u00e3o.<\/p><\/li><li><p><strong>Responsabilidade do Estado:<\/strong> Determina as circunst\u00e2ncias em que o Estado \u00e9 respons\u00e1vel por danos causados a terceiros devido a a\u00e7\u00f5es ou omiss\u00f5es administrativas.<\/p><\/li><li><p><strong>Servidores P\u00fablicos:<\/strong> Define os direitos e deveres dos funcion\u00e1rios p\u00fablicos, bem como os procedimentos disciplinares e administrativos.<\/p><\/li><li><p><strong>Regulamenta\u00e7\u00f5es e Normas Governamentais:<\/strong> Envolve a interpreta\u00e7\u00e3o e aplica\u00e7\u00e3o de regulamenta\u00e7\u00f5es emitidas pelo governo em diversos setores, como sa\u00fade, meio ambiente e seguran\u00e7a.<\/p><\/li><\/ol><p>Em resumo, o Direito Administrativo desempenha um papel crucial na prote\u00e7\u00e3o dos direitos dos cidad\u00e3os, na garantia da transpar\u00eancia governamental e na promo\u00e7\u00e3o da efici\u00eancia na Administra\u00e7\u00e3o P\u00fablica. \u00c9 um campo din\u00e2mico e essencial que continua a moldar a rela\u00e7\u00e3o entre o Estado e os indiv\u00edduos em nossa sociedade.<\/p>\t\t\t\t\t\t<\/div>\n\t\t\t\t<\/div>\n\t\t\t\t<div class=\"elementor-element elementor-element-7f3bf20 elementor-widget elementor-widget-text-editor\" data-id=\"7f3bf20\" data-element_type=\"widget\" data-widget_type=\"text-editor.default\">\n\t\t\t\t<div class=\"elementor-widget-container\">\n\t\t\t\t\t\t\t<h6><strong>O Que \u00e9 Direito Administrativo?<\/strong><\/h6><p>O Direito Administrativo \u00e9 um ramo do direito p\u00fablico que trata das normas e princ\u00edpios que regulam a Administra\u00e7\u00e3o P\u00fablica. Isso inclui \u00f3rg\u00e3os do governo, ag\u00eancias, funcion\u00e1rios p\u00fablicos e todas as atividades realizadas no exerc\u00edcio das fun\u00e7\u00f5es governamentais.<\/p><p>O objetivo principal do Direito Administrativo \u00e9 garantir que a Administra\u00e7\u00e3o P\u00fablica atue de forma transparente, justa, eficiente e dentro dos limites legais. Isso envolve a prote\u00e7\u00e3o dos direitos dos cidad\u00e3os, a fiscaliza\u00e7\u00e3o da legalidade dos atos administrativos e a garantia de que os recursos p\u00fablicos sejam utilizados de maneira adequada.<\/p><h6><strong>Princ\u00edpios do Direito Administrativo<\/strong><\/h6><p>Para alcan\u00e7ar seus objetivos, o Direito Administrativo \u00e9 baseado em v\u00e1rios princ\u00edpios fundamentais:<\/p><ol><li><p><strong>Princ\u00edpio da Legalidade:<\/strong> Todas as a\u00e7\u00f5es da Administra\u00e7\u00e3o P\u00fablica devem estar em conformidade com a lei. Isso garante que o governo n\u00e3o exceda seus poderes e que os direitos dos cidad\u00e3os sejam protegidos.<\/p><\/li><li><p><strong>Princ\u00edpio da Impessoalidade:<\/strong> A Administra\u00e7\u00e3o deve agir de maneira imparcial, sem favorecer ou discriminar indiv\u00edduos ou grupos. As decis\u00f5es devem ser baseadas em crit\u00e9rios objetivos.<\/p><\/li><li><p><strong>Princ\u00edpio da Moralidade:<\/strong> A Administra\u00e7\u00e3o P\u00fablica deve agir de maneira \u00e9tica, evitando a corrup\u00e7\u00e3o e o abuso de poder.<\/p><\/li><li><p><strong>Princ\u00edpio da Publicidade:<\/strong> As a\u00e7\u00f5es administrativas devem ser transparentes e acess\u00edveis ao p\u00fablico, a menos que haja um motivo leg\u00edtimo para a confidencialidade.<\/p><\/li><li><p><strong>Princ\u00edpio da Efici\u00eancia:<\/strong> A Administra\u00e7\u00e3o deve buscar a efici\u00eancia na presta\u00e7\u00e3o de servi\u00e7os p\u00fablicos, garantindo que os recursos sejam usados de forma otimizada.<\/p><\/li><li><p><strong>Princ\u00edpio da Proporcionalidade:<\/strong> As a\u00e7\u00f5es da Administra\u00e7\u00e3o devem ser proporcionais aos objetivos a serem alcan\u00e7ados, evitando medidas excessivamente restritivas ou punitivas.<\/p><\/li><\/ol>\t\t\t\t\t\t<\/div>\n\t\t\t\t<\/div>\n\t\t\t\t\t<\/div>\n\t\t<\/div>\n\t\t\t\t<div class=\"elementor-column elementor-col-50 elementor-top-column elementor-element elementor-element-34cdddca\" data-id=\"34cdddca\" data-element_type=\"column\">\n\t\t\t<div class=\"elementor-widget-wrap elementor-element-populated\">\n\t\t\t\t\t\t\t\t<section class=\"elementor-section elementor-inner-section elementor-element elementor-element-195575e5 elementor-section-boxed elementor-section-height-default elementor-section-height-default\" data-id=\"195575e5\" data-element_type=\"section\" data-settings=\"{&quot;background_background&quot;:&quot;classic&quot;}\">\n\t\t\t\t\t\t<div class=\"elementor-container elementor-column-gap-default\">\n\t\t\t\t\t<div class=\"elementor-column elementor-col-100 elementor-inner-column elementor-element elementor-element-5e2e7c69\" data-id=\"5e2e7c69\" data-element_type=\"column\">\n\t\t\t<div class=\"elementor-widget-wrap elementor-element-populated\">\n\t\t\t\t\t\t\t\t<div class=\"elementor-element elementor-element-1f9ee17a elementor-widget elementor-widget-heading\" data-id=\"1f9ee17a\" data-element_type=\"widget\" data-widget_type=\"heading.default\">\n\t\t\t\t<div class=\"elementor-widget-container\">\n\t\t\t<h3 class=\"elementor-heading-title elementor-size-default\">posts recentes<\/h3>\t\t<\/div>\n\t\t\t\t<\/div>\n\t\t\t\t<div class=\"elementor-element elementor-element-549b19 elementor-widget elementor-widget-jkit_post_list\" data-id=\"549b19\" data-element_type=\"widget\" data-widget_type=\"jkit_post_list.default\">\n\t\t\t\t<div class=\"elementor-widget-container\">\n\t\t\t<div  class=\"jeg-elementor-kit jkit-postlist layout-vertical post-element jkit-pagination-disable jeg_module___69f56624ee695\"  data-id=\"jeg_module___69f56624ee695\" data-settings=\"{&quot;post_type&quot;:&quot;post&quot;,&quot;number_post&quot;:{&quot;unit&quot;:&quot;px&quot;,&quot;size&quot;:3,&quot;sizes&quot;:[]},&quot;post_offset&quot;:0,&quot;unique_content&quot;:&quot;disable&quot;,&quot;include_post&quot;:&quot;&quot;,&quot;exclude_post&quot;:&quot;&quot;,&quot;include_category&quot;:&quot;&quot;,&quot;exclude_category&quot;:&quot;&quot;,&quot;include_author&quot;:&quot;&quot;,&quot;include_tag&quot;:&quot;&quot;,&quot;exclude_tag&quot;:&quot;&quot;,&quot;sort_by&quot;:&quot;latest&quot;,&quot;pagination_mode&quot;:&quot;disable&quot;,&quot;pagination_loadmore_text&quot;:&quot;Load More&quot;,&quot;pagination_loading_text&quot;:&quot;Loading...&quot;,&quot;pagination_number_post&quot;:{&quot;unit&quot;:&quot;px&quot;,&quot;size&quot;:3,&quot;sizes&quot;:[]},&quot;pagination_scroll_limit&quot;:0,&quot;pagination_icon&quot;:{&quot;value&quot;:&quot;&quot;,&quot;library&quot;:&quot;&quot;},&quot;pagination_icon_position&quot;:&quot;before&quot;,&quot;sg_content_layout&quot;:&quot;vertical&quot;,&quot;sg_content_image_enable&quot;:0,&quot;sg_content_background_image_enable&quot;:0,&quot;sg_content_icon_enable&quot;:&quot;&quot;,&quot;sg_content_icon&quot;:{&quot;value&quot;:&quot;fas fa-circle&quot;,&quot;library&quot;:&quot;fa-solid&quot;},&quot;sg_content_meta_enable&quot;:&quot;yes&quot;,&quot;sg_content_meta_date_enable&quot;:&quot;yes&quot;,&quot;sg_content_meta_date_type&quot;:&quot;published&quot;,&quot;sg_content_meta_date_format&quot;:&quot;default&quot;,&quot;sg_content_meta_date_format_custom&quot;:&quot;F j, Y&quot;,&quot;sg_content_meta_date_icon&quot;:{&quot;value&quot;:&quot;fas fa-clock&quot;,&quot;library&quot;:&quot;fa-solid&quot;},&quot;sg_content_meta_category_enable&quot;:0,&quot;sg_content_meta_category_icon&quot;:{&quot;value&quot;:&quot;fas fa-tag&quot;,&quot;library&quot;:&quot;fa-solid&quot;},&quot;sg_content_meta_position&quot;:&quot;top&quot;,&quot;sg_content_image_size_imagesize_size&quot;:&quot;large&quot;,&quot;paged&quot;:1,&quot;class&quot;:&quot;jkit_post_list&quot;}\"><div class=\"jkit-block-container\"><div class=\"jkit-posts jkit-ajax-flag\">\n            <article class=\"jkit-post post-list-item\">\n                <a href=\"https:\/\/frizzopagnossin.adv.br\/index.php\/2024\/06\/18\/diferenca-do-alcance-da-pena-de-suspensao-do-direito-de-licitar-entre-a-lei-14-133-21-e-a-lei-8-666-93\/\" >\n                    \n                    <div class=\"jkit-postlist-content\"><div class=\"meta-lists\"><span class=\"meta-date\"><i aria-hidden=\"true\" class=\"fas fa-clock\"><\/i>18 de June de 2024<\/span> <\/div><span class=\"jkit-postlist-title\">Diferen\u00e7a do Alcance da Pena de Suspens\u00e3o do Direito de Licitar entre a Lei 14.133\/21 e a Lei 8.666\/93<\/span><\/div>\n                <\/a>\n            <\/article><article class=\"jkit-post post-list-item\">\n                <a href=\"https:\/\/frizzopagnossin.adv.br\/index.php\/2023\/10\/16\/desvendando-o-direito-civil-conceitos-fundamentais-e-aplicacoes-praticas\/\" >\n                    \n                    <div class=\"jkit-postlist-content\"><div class=\"meta-lists\"><span class=\"meta-date\"><i aria-hidden=\"true\" class=\"fas fa-clock\"><\/i>16 de October de 2023<\/span> <\/div><span class=\"jkit-postlist-title\">Desvendando o Direito Civil: Conceitos Fundamentais e Aplica\u00e7\u00f5es Pr\u00e1ticas<\/span><\/div>\n                <\/a>\n            <\/article><article class=\"jkit-post post-list-item\">\n                <a href=\"https:\/\/frizzopagnossin.adv.br\/index.php\/2023\/10\/16\/desvendando-o-direito-administrativo-conceitos-e-aplicacoes\/\" >\n                    \n                    <div class=\"jkit-postlist-content\"><div class=\"meta-lists\"><span class=\"meta-date\"><i aria-hidden=\"true\" class=\"fas fa-clock\"><\/i>16 de October de 2023<\/span> <\/div><span class=\"jkit-postlist-title\">Desvendando o Direito Administrativo: Conceitos e Aplica\u00e7\u00f5es<\/span><\/div>\n                <\/a>\n            <\/article>\n        <\/div><\/div><\/div>\t\t<\/div>\n\t\t\t\t<\/div>\n\t\t\t\t\t<\/div>\n\t\t<\/div>\n\t\t\t\t\t\t\t<\/div>\n\t\t<\/section>\n\t\t\t\t<section class=\"elementor-section elementor-inner-section elementor-element elementor-element-6c0498ee elementor-section-boxed elementor-section-height-default elementor-section-height-default\" data-id=\"6c0498ee\" data-element_type=\"section\" data-settings=\"{&quot;background_background&quot;:&quot;classic&quot;}\">\n\t\t\t\t\t\t\t<div class=\"elementor-background-overlay\"><\/div>\n\t\t\t\t\t\t\t<div class=\"elementor-container elementor-column-gap-default\">\n\t\t\t\t\t<div class=\"elementor-column elementor-col-100 elementor-inner-column elementor-element elementor-element-595190ff\" data-id=\"595190ff\" data-element_type=\"column\">\n\t\t\t<div class=\"elementor-widget-wrap elementor-element-populated\">\n\t\t\t\t\t\t\t\t<div class=\"elementor-element elementor-element-15adc1e8 elementor-widget elementor-widget-heading\" data-id=\"15adc1e8\" data-element_type=\"widget\" data-widget_type=\"heading.default\">\n\t\t\t\t<div class=\"elementor-widget-container\">\n\t\t\t<h3 class=\"elementor-heading-title elementor-size-default\">Entre em contato<\/h3>\t\t<\/div>\n\t\t\t\t<\/div>\n\t\t\t\t<div class=\"elementor-element elementor-element-2bc9507a elementor-widget elementor-widget-text-editor\" data-id=\"2bc9507a\" data-element_type=\"widget\" data-widget_type=\"text-editor.default\">\n\t\t\t\t<div class=\"elementor-widget-container\">\n\t\t\t\t\t\t\t<p>Agende uma consulta e deixe nossa equipe de advogados especializados cuidar de voc\u00ea, oferecendo orienta\u00e7\u00e3o e representa\u00e7\u00e3o eficaz. Deixe-nos ser seus parceiros legais nessa jornada.<\/p>\t\t\t\t\t\t<\/div>\n\t\t\t\t<\/div>\n\t\t\t\t<div class=\"elementor-element elementor-element-40fd68b4 elementor-align-left elementor-widget__width-initial elementor-widget-tablet__width-inherit animated-slow elementor-invisible elementor-widget elementor-widget-button\" data-id=\"40fd68b4\" data-element_type=\"widget\" data-settings=\"{&quot;_animation&quot;:&quot;fadeInRight&quot;}\" data-widget_type=\"button.default\">\n\t\t\t\t<div class=\"elementor-widget-container\">\n\t\t\t\t\t<div class=\"elementor-button-wrapper\">\n\t\t\t<a class=\"elementor-button elementor-button-link elementor-size-sm elementor-animation-float\" href=\"https:\/\/api.whatsapp.com\/send?phone=5551981810160\">\n\t\t\t\t\t\t<span class=\"elementor-button-content-wrapper\">\n\t\t\t\t\t\t<span class=\"elementor-button-icon elementor-align-icon-left\">\n\t\t\t\t<i aria-hidden=\"true\" class=\"fas fa-phone-alt\"><\/i>\t\t\t<\/span>\n\t\t\t\t\t\t<span class=\"elementor-button-text\">contato<\/span>\n\t\t<\/span>\n\t\t\t\t\t<\/a>\n\t\t<\/div>\n\t\t\t\t<\/div>\n\t\t\t\t<\/div>\n\t\t\t\t\t<\/div>\n\t\t<\/div>\n\t\t\t\t\t\t\t<\/div>\n\t\t<\/section>\n\t\t\t\t\t<\/div>\n\t\t<\/div>\n\t\t\t\t\t\t\t<\/div>\n\t\t<\/section>\n\t\t\t\t<section class=\"elementor-section elementor-top-section elementor-element elementor-element-bf9c14e elementor-section-boxed elementor-section-height-default elementor-section-height-default\" data-id=\"bf9c14e\" data-element_type=\"section\" data-settings=\"{&quot;background_background&quot;:&quot;classic&quot;}\">\n\t\t\t\t\t\t<div class=\"elementor-container elementor-column-gap-default\">\n\t\t\t\t\t<div class=\"elementor-column elementor-col-100 elementor-top-column elementor-element elementor-element-237303c\" data-id=\"237303c\" data-element_type=\"column\">\n\t\t\t<div class=\"elementor-widget-wrap elementor-element-populated\">\n\t\t\t\t\t\t\t\t<div class=\"elementor-element elementor-element-c8fbeea elementor-widget elementor-widget-jkit_heading\" data-id=\"c8fbeea\" data-element_type=\"widget\" data-widget_type=\"jkit_heading.default\">\n\t\t\t\t<div class=\"elementor-widget-container\">\n\t\t\t<div  class=\"jeg-elementor-kit jkit-heading  align-center align-tablet- align-mobile- jeg_module__1_69f5662504796\" ><div class=\"heading-section-title  display-inline-block\"><h5 class=\"heading-title\"><span class=\"style-color\"><span>Nosso Blog<\/span><\/span><\/h5><\/div><\/div>\t\t<\/div>\n\t\t\t\t<\/div>\n\t\t\t\t<div class=\"elementor-element elementor-element-1dfae3e elementor-widget elementor-widget-jkit_post_block\" data-id=\"1dfae3e\" data-element_type=\"widget\" data-widget_type=\"jkit_post_block.default\">\n\t\t\t\t<div class=\"elementor-widget-container\">\n\t\t\t<div  class=\"jeg-elementor-kit jkit-postblock postblock-type-3 jkit-pagination-disable post-element jeg_module__2_69f566250c3dc\"  data-id=\"jeg_module__2_69f566250c3dc\" data-settings=\"{&quot;post_type&quot;:&quot;post&quot;,&quot;number_post&quot;:{&quot;unit&quot;:&quot;px&quot;,&quot;size&quot;:3,&quot;sizes&quot;:[]},&quot;post_offset&quot;:0,&quot;unique_content&quot;:&quot;disable&quot;,&quot;include_post&quot;:&quot;&quot;,&quot;exclude_post&quot;:&quot;&quot;,&quot;include_category&quot;:&quot;&quot;,&quot;exclude_category&quot;:&quot;&quot;,&quot;include_author&quot;:&quot;&quot;,&quot;include_tag&quot;:&quot;&quot;,&quot;exclude_tag&quot;:&quot;&quot;,&quot;sort_by&quot;:&quot;latest&quot;,&quot;pagination_mode&quot;:&quot;disable&quot;,&quot;pagination_loadmore_text&quot;:&quot;Load More&quot;,&quot;pagination_loading_text&quot;:&quot;Loading...&quot;,&quot;pagination_number_post&quot;:{&quot;unit&quot;:&quot;px&quot;,&quot;size&quot;:3,&quot;sizes&quot;:[]},&quot;pagination_scroll_limit&quot;:0,&quot;pagination_icon&quot;:{&quot;value&quot;:&quot;&quot;,&quot;library&quot;:&quot;&quot;},&quot;pagination_icon_position&quot;:&quot;before&quot;,&quot;st_category_position&quot;:&quot;left&quot;,&quot;sg_content_postblock_type&quot;:&quot;type-3&quot;,&quot;sg_content_element_order&quot;:&quot;title,meta,excerpt,read&quot;,&quot;sg_content_breakpoint&quot;:&quot;tablet&quot;,&quot;sg_content_title_html_tag&quot;:&quot;h4&quot;,&quot;sg_content_category_enable&quot;:&quot;&quot;,&quot;sg_content_excerpt_enable&quot;:&quot;yes&quot;,&quot;sg_content_excerpt_length&quot;:{&quot;unit&quot;:&quot;px&quot;,&quot;size&quot;:19,&quot;sizes&quot;:[]},&quot;sg_content_excerpt_more&quot;:&quot;...&quot;,&quot;sg_content_readmore_enable&quot;:&quot;yes&quot;,&quot;sg_content_readmore_icon&quot;:{&quot;value&quot;:&quot;fas fa-arrow-right&quot;,&quot;library&quot;:&quot;fa-solid&quot;},&quot;sg_content_readmore_icon_position&quot;:&quot;after&quot;,&quot;sg_content_readmore_text&quot;:&quot;ler mais&quot;,&quot;sg_content_comment_enable&quot;:&quot;&quot;,&quot;sg_content_comment_icon&quot;:{&quot;value&quot;:&quot;fas fa-comment&quot;,&quot;library&quot;:&quot;fa-solid&quot;},&quot;sg_content_comment_icon_position&quot;:&quot;before&quot;,&quot;sg_content_meta_enable&quot;:&quot;&quot;,&quot;sg_content_meta_author_enable&quot;:&quot;&quot;,&quot;sg_content_meta_author_by_text&quot;:&quot;by&quot;,&quot;sg_content_meta_author_icon&quot;:{&quot;value&quot;:&quot;fas fa-user&quot;,&quot;library&quot;:&quot;fa-solid&quot;},&quot;sg_content_meta_author_icon_position&quot;:&quot;before&quot;,&quot;sg_content_meta_date_enable&quot;:&quot;&quot;,&quot;sg_content_meta_date_type&quot;:&quot;published&quot;,&quot;sg_content_meta_date_format&quot;:&quot;default&quot;,&quot;sg_content_meta_date_format_custom&quot;:&quot;F j, Y&quot;,&quot;sg_content_meta_date_icon&quot;:{&quot;value&quot;:&quot;fas fa-clock&quot;,&quot;library&quot;:&quot;fa-solid&quot;},&quot;sg_content_meta_date_icon_position&quot;:&quot;before&quot;,&quot;sg_content_image_size_imagesize_size&quot;:&quot;full&quot;,&quot;paged&quot;:1,&quot;class&quot;:&quot;jkit_post_block&quot;}\"><div class=\"jkit-block-container\"><div class=\"jkit-posts jkit-ajax-flag\">\n            <article class=\"jkit-post post-623 post type-post status-publish format-standard hentry category-sem-categoria\">\n                    <div class=\"jkit-thumb\"><a href=\"https:\/\/frizzopagnossin.adv.br\/index.php\/2024\/06\/18\/diferenca-do-alcance-da-pena-de-suspensao-do-direito-de-licitar-entre-a-lei-14-133-21-e-a-lei-8-666-93\/\"><div class=\"thumbnail-container no_thumbnail\">\n            \n        <\/div><\/a><\/div>\n                    <div class=\"jkit-postblock-content\"><h4 class=\"jkit-post-title\">\n\t\t\t\t\t\t\t<a href=\"https:\/\/frizzopagnossin.adv.br\/index.php\/2024\/06\/18\/diferenca-do-alcance-da-pena-de-suspensao-do-direito-de-licitar-entre-a-lei-14-133-21-e-a-lei-8-666-93\/\">Diferen\u00e7a do Alcance da Pena de Suspens\u00e3o do Direito de Licitar entre a Lei 14.133\/21 e a Lei 8.666\/93<\/a>\n\t\t\t\t\t\t<\/h4><div class=\"jkit-post-excerpt\"><p>A legisla\u00e7\u00e3o brasileira que regula as licita\u00e7\u00f5es e contratos administrativos passou por uma significativa reformula\u00e7\u00e3o com a promulga\u00e7\u00e3o da...<\/p><\/div><div class=\"jkit-post-meta-bottom\">\n\t\t\t\t\t\t\t<div class=\"jkit-meta-readmore icon-position-after\">\n                <a href=\"https:\/\/frizzopagnossin.adv.br\/index.php\/2024\/06\/18\/diferenca-do-alcance-da-pena-de-suspensao-do-direito-de-licitar-entre-a-lei-14-133-21-e-a-lei-8-666-93\/\" class=\"jkit-readmore\">ler mais<i aria-hidden=\"true\" class=\"fas fa-arrow-right\"><\/i><\/a>\n            <\/div>\n\t\t\t\t\t\t<\/div><\/div>\n                <\/article><article class=\"jkit-post post-525 post type-post status-publish format-standard has-post-thumbnail hentry category-sem-categoria\">\n                    <div class=\"jkit-thumb\"><a href=\"https:\/\/frizzopagnossin.adv.br\/index.php\/2023\/10\/16\/desvendando-o-direito-civil-conceitos-fundamentais-e-aplicacoes-praticas\/\"><div class=\"thumbnail-container \">\n            <img loading=\"lazy\" decoding=\"async\" width=\"1024\" height=\"668\" src=\"https:\/\/frizzopagnossin.adv.br\/wp-content\/uploads\/2023\/10\/direito-civil1491921119.jpg\" class=\"attachment-full size-full wp-post-image\" alt=\"\" srcset=\"https:\/\/frizzopagnossin.adv.br\/wp-content\/uploads\/2023\/10\/direito-civil1491921119.jpg 1024w, https:\/\/frizzopagnossin.adv.br\/wp-content\/uploads\/2023\/10\/direito-civil1491921119-300x196.jpg 300w, https:\/\/frizzopagnossin.adv.br\/wp-content\/uploads\/2023\/10\/direito-civil1491921119-768x501.jpg 768w\" sizes=\"(max-width: 1024px) 100vw, 1024px\" \/>\n        <\/div><\/a><\/div>\n                    <div class=\"jkit-postblock-content\"><h4 class=\"jkit-post-title\">\n\t\t\t\t\t\t\t<a href=\"https:\/\/frizzopagnossin.adv.br\/index.php\/2023\/10\/16\/desvendando-o-direito-civil-conceitos-fundamentais-e-aplicacoes-praticas\/\">Desvendando o Direito Civil: Conceitos Fundamentais e Aplica\u00e7\u00f5es Pr\u00e1ticas<\/a>\n\t\t\t\t\t\t<\/h4><div class=\"jkit-post-excerpt\"><p>Desvendando o Direito Civil: Conceitos Fundamentais e Aplica\u00e7\u00f5es Pr\u00e1ticas O Direito Civil \u00e9 uma das \u00e1reas mais amplas e...<\/p><\/div><div class=\"jkit-post-meta-bottom\">\n\t\t\t\t\t\t\t<div class=\"jkit-meta-readmore icon-position-after\">\n                <a href=\"https:\/\/frizzopagnossin.adv.br\/index.php\/2023\/10\/16\/desvendando-o-direito-civil-conceitos-fundamentais-e-aplicacoes-praticas\/\" class=\"jkit-readmore\">ler mais<i aria-hidden=\"true\" class=\"fas fa-arrow-right\"><\/i><\/a>\n            <\/div>\n\t\t\t\t\t\t<\/div><\/div>\n                <\/article><article class=\"jkit-post post-505 post type-post status-publish format-standard has-post-thumbnail hentry category-sem-categoria\">\n                    <div class=\"jkit-thumb\"><a href=\"https:\/\/frizzopagnossin.adv.br\/index.php\/2023\/10\/16\/desvendando-o-direito-administrativo-conceitos-e-aplicacoes\/\"><div class=\"thumbnail-container \">\n            <img loading=\"lazy\" decoding=\"async\" width=\"500\" height=\"246\" src=\"https:\/\/frizzopagnossin.adv.br\/wp-content\/uploads\/2023\/10\/IiqdVhBlCS9pMuoDhaOPU6bdTQ1ISaWmrhL2jjsJ.jpeg\" class=\"attachment-full size-full wp-post-image\" alt=\"\" srcset=\"https:\/\/frizzopagnossin.adv.br\/wp-content\/uploads\/2023\/10\/IiqdVhBlCS9pMuoDhaOPU6bdTQ1ISaWmrhL2jjsJ.jpeg 500w, https:\/\/frizzopagnossin.adv.br\/wp-content\/uploads\/2023\/10\/IiqdVhBlCS9pMuoDhaOPU6bdTQ1ISaWmrhL2jjsJ-300x148.jpeg 300w\" sizes=\"(max-width: 500px) 100vw, 500px\" \/>\n        <\/div><\/a><\/div>\n                    <div class=\"jkit-postblock-content\"><h4 class=\"jkit-post-title\">\n\t\t\t\t\t\t\t<a href=\"https:\/\/frizzopagnossin.adv.br\/index.php\/2023\/10\/16\/desvendando-o-direito-administrativo-conceitos-e-aplicacoes\/\">Desvendando o Direito Administrativo: Conceitos e Aplica\u00e7\u00f5es<\/a>\n\t\t\t\t\t\t<\/h4><div class=\"jkit-post-excerpt\"><p>Desvendando o Direito Administrativo: Conceitos e Aplica\u00e7\u00f5es O Direito Administrativo \u00e9 uma \u00e1rea fascinante do direito que governa as...<\/p><\/div><div class=\"jkit-post-meta-bottom\">\n\t\t\t\t\t\t\t<div class=\"jkit-meta-readmore icon-position-after\">\n                <a href=\"https:\/\/frizzopagnossin.adv.br\/index.php\/2023\/10\/16\/desvendando-o-direito-administrativo-conceitos-e-aplicacoes\/\" class=\"jkit-readmore\">ler mais<i aria-hidden=\"true\" class=\"fas fa-arrow-right\"><\/i><\/a>\n            <\/div>\n\t\t\t\t\t\t<\/div><\/div>\n                <\/article>\n        <\/div><\/div><\/div>\t\t<\/div>\n\t\t\t\t<\/div>\n\t\t\t\t\t<\/div>\n\t\t<\/div>\n\t\t\t\t\t\t\t<\/div>\n\t\t<\/section>\n\t\t\t\t\t\t\t<\/div>\n\t\t","protected":false},"excerpt":{"rendered":"<p>Desvendando o Direito Administrativo: Conceitos e Aplica\u00e7\u00f5es O Direito Administrativo \u00e9 uma \u00e1rea fascinante do direito que governa as rela\u00e7\u00f5es entre cidad\u00e3os e a Administra\u00e7\u00e3o P\u00fablica. Embora possa parecer complexo \u00e0 primeira vista, \u00e9 essencial para manter o equil\u00edbrio entre o Estado e os indiv\u00edduos. Neste artigo, exploraremos os conceitos-chave e as aplica\u00e7\u00f5es pr\u00e1ticas do [&hellip;]<\/p>\n","protected":false},"author":1,"featured_media":515,"comment_status":"open","ping_status":"open","sticky":false,"template":"elementor_canvas","format":"standard","meta":{"footnotes":""},"categories":[1],"tags":[],"_links":{"self":[{"href":"https:\/\/frizzopagnossin.adv.br\/index.php\/wp-json\/wp\/v2\/posts\/505"}],"collection":[{"href":"https:\/\/frizzopagnossin.adv.br\/index.php\/wp-json\/wp\/v2\/posts"}],"about":[{"href":"https:\/\/frizzopagnossin.adv.br\/index.php\/wp-json\/wp\/v2\/types\/post"}],"author":[{"embeddable":true,"href":"https:\/\/frizzopagnossin.adv.br\/index.php\/wp-json\/wp\/v2\/users\/1"}],"replies":[{"embeddable":true,"href":"https:\/\/frizzopagnossin.adv.br\/index.php\/wp-json\/wp\/v2\/comments?post=505"}],"version-history":[{"count":22,"href":"https:\/\/frizzopagnossin.adv.br\/index.php\/wp-json\/wp\/v2\/posts\/505\/revisions"}],"predecessor-version":[{"id":542,"href":"https:\/\/frizzopagnossin.adv.br\/index.php\/wp-json\/wp\/v2\/posts\/505\/revisions\/542"}],"wp:featuredmedia":[{"embeddable":true,"href":"https:\/\/frizzopagnossin.adv.br\/index.php\/wp-json\/wp\/v2\/media\/515"}],"wp:attachment":[{"href":"https:\/\/frizzopagnossin.adv.br\/index.php\/wp-json\/wp\/v2\/media?parent=505"}],"wp:term":[{"taxonomy":"category","embeddable":true,"href":"https:\/\/frizzopagnossin.adv.br\/index.php\/wp-json\/wp\/v2\/categories?post=505"},{"taxonomy":"post_tag","embeddable":true,"href":"https:\/\/frizzopagnossin.adv.br\/index.php\/wp-json\/wp\/v2\/tags?post=505"}],"curies":[{"name":"wp","href":"https:\/\/api.w.org\/{rel}","templated":true}]}}